{"id":839,"date":"2017-05-27T21:18:13","date_gmt":"2017-05-27T19:18:13","guid":{"rendered":"http:\/\/nicugane.ro\/nou\/?p=839"},"modified":"2017-05-28T21:21:33","modified_gmt":"2017-05-28T19:21:33","slug":"etapa-judeteana-la-olimpiada-nationala-de-argumentare-dezbatere-si-gandire-logica","status":"publish","type":"post","link":"https:\/\/nicugane.ro\/nou\/etapa-judeteana-la-olimpiada-nationala-de-argumentare-dezbatere-si-gandire-logica\/","title":{"rendered":"Etapa jude\u021bean\u0103 la Olimpiada na\u021bional\u0103 de argumentare, dezbatere \u0219i g\u00e2ndire logic\u0103"},"content":{"rendered":"<p>Elevii de liceu cu talent oratoric \u0219i g\u00e2ndire critic\u0103 vin s\u0103 dezbat\u0103 la F\u0103lticeni. Cea mai nou\u0103 \u0219i interesant\u0103 competi\u021bie \u0219colar\u0103 din calendarul MENCS\u00a0va fi g\u0103zduit\u0103 la sf\u00e2r\u0219itul acestei s\u0103pt\u0103m\u00e2ni(27-28 mai 2017) de colegiul nostru. Este vorba de etapa jude\u021bean\u0103 din cadrul Olimpiadei na\u021bionale de argumentare, dezbatere \u0219i g\u00e2ndire logic\u0103.<\/p>\n<p>Subiectele examenului oral vor cuprinde c\u00e2te dou\u0103 mo\u021biuni, \u00eentrecerea fiind \u00eemp\u0103r\u021bit\u0103 pe categoria \u00eencep\u0103tori \u0219i respectiv avansa\u021bi.<\/p>\n<p>Prima edi\u021bie ca olimpiad\u0103 reune\u0219te la start echipaje din Suceava, Cajvana, C\u00e2mpulung, Dumbr\u0103veni, Gura Humorului, R\u0103d\u0103u\u021bi, Vicovu de Sus \u0219i din ora\u0219ul gazd\u0103, F\u0103lticeni.<\/p>\n<p>La sec\u021biunea \u201e\u00cencep\u0103tori\u201d, destinat\u0103 elevilor care nu au mai participat la competi\u021bii de profil, s-au \u00eenscris 18 echipaje de la 18 unit\u0103\u021bi \u0219colare din jude\u021b.<\/p>\n<p>Un num\u0103r mai restr\u00e2ns, 10 echipaje de la 10 unit\u0103\u021bi de \u00eenv\u0103\u021b\u0103m\u00e2nt din jude\u021bul Suceava, particip\u0103 la categoria \u201eAvansa\u021bi\u201d.<\/p>\n<p>Noua olimpiad\u0103 pune fa\u021b\u0103 \u00een fa\u021b\u0103 echipe de elevi pentru discutarea unor teme diverse, cu scopul dezvolt\u0103rii competen\u0163elor de comunicare \u0219i a atitudinilor social-civice democratice.<\/p>\n<p>Mo\u021biunile la \u00eencep\u0103tori sunt \u201eAcest parlament crede c\u0103 introducerea m\u0103surilor de toleran\u021b\u0103 zero pentru acte de violen\u021b\u0103 \u00een \u0219coli ar duce la reducerea acestora.\u201d\u0219i \u00a0\u201eAcest parlament crede c\u0103 re\u021belele de socializare ar trebui s\u0103 nu fie accesibile minorilor sub 13 ani.\u201d<\/p>\n<p>Mo\u021biunile la avansa\u021bi sunt \u201eAcest parlament ar reduce v\u00e2rsta de vot la 16 ani.\u201d \u0219i \u201eProtejarea mediului \u00eenconjur\u0103tor e mai important\u0103 dec\u00e2t dezvoltarea economic\u0103\u201d.<\/p>\n<p>La etapa jude\u021bean\u0103 concureaz\u0103 echipaje din Suceava, Cajvana, C\u00e2mpulung, Dumbr\u0103veni, Gura Humorului, R\u0103d\u0103u\u021bi, Vicovu de Sus \u0219i din ora\u0219ul gazd\u0103, F\u0103lticeni.<\/p>\n<p>Competi\u021bia se desf\u0103\u0219oar\u0103 \u00een trei runde eliminatorii, dup\u0103 care vor urma etapa sferturilor, semifinala \u0219i finala. Festivitatea de premiere se va desf\u0103\u0219ura duminic\u0103, 28 mai, \u00een Amfiteatrul Colegiului.<\/p>\n<p>Dup\u0103 \u00eencheierea concursului, echipajul de pe primul loc, de la fiecare sec\u021biune, se va califica la faza na\u021bional\u0103 ce se va derula \u00een perioada 11 \u2013 15 iulie la Piatra Neam\u021b.<\/p>\n<p>Aceasta va fi prima edi\u021bie care se desf\u0103\u0219oar\u0103 ca olimpiad\u0103, \u00eentre 2010 \u0219i 2016 \u00eentrecerea fiind organizat\u0103 sub forma unui concurs na\u021bional.<\/p>\n<p>Olimpiadei na\u021bional\u0103 de argumentare, dezbatere \u0219i g\u00e2ndire logic\u0103 pune fa\u021b\u0103 \u00een fa\u021b\u0103 echipe de elevi pentru discutarea unor teme diverse \u0219i de actualitate. Scopul primordial este dezvoltarea competen\u021belor de comunicare \u0219i formarea de atitudini social-civice democratice, necesare tinerei genera\u021bii pentru participarea activ\u0103 la via\u021ba social\u0103.<\/p>\n<p style=\"text-align: right;\"><a href=\"http:\/\/www.cronicadefalticeni.ro\/colegiul-national-nicu-gane-gazduieste-etapa-premergatoare-olimpiadei-nationale-de-argumentare-dezbatere-si-gandire-logica\/\">Articole preluat din Cronica de F\u0103lticeni<\/a><\/p>\n","protected":false},"excerpt":{"rendered":"<p>Elevii de liceu cu talent oratoric \u0219i g\u00e2ndire critic\u0103 vin s\u0103 dezbat\u0103 la F\u0103lticeni. Cea mai nou\u0103 \u0219i interesant\u0103 competi\u021bie \u0219colar\u0103 din calendarul MENCS\u00a0va fi g\u0103zduit\u0103 la sf\u00e2r\u0219itul acestei s\u0103pt\u0103m\u00e2ni(27-28 mai 2017) de colegiul nostru. Este vorba de etapa jude\u021bean\u0103 <a href=\"https:\/\/nicugane.ro\/nou\/etapa-judeteana-la-olimpiada-nationala-de-argumentare-dezbatere-si-gandire-logica\/\" class=\"read-more\">Citi\u021bi mai mult&#8230;<\/a><\/p>\n","protected":false},"author":1,"featured_media":0,"comment_status":"open","ping_status":"open","sticky":false,"template":"","format":"standard","meta":[],"categories":[5],"tags":[15,16,18,17],"_links":{"self":[{"href":"https:\/\/nicugane.ro\/nou\/wp-json\/wp\/v2\/posts\/839"}],"collection":[{"href":"https:\/\/nicugane.ro\/nou\/wp-json\/wp\/v2\/posts"}],"about":[{"href":"https:\/\/nicugane.ro\/nou\/wp-json\/wp\/v2\/types\/post"}],"author":[{"embeddable":true,"href":"https:\/\/nicugane.ro\/nou\/wp-json\/wp\/v2\/users\/1"}],"replies":[{"embeddable":true,"href":"https:\/\/nicugane.ro\/nou\/wp-json\/wp\/v2\/comments?post=839"}],"version-history":[{"count":1,"href":"https:\/\/nicugane.ro\/nou\/wp-json\/wp\/v2\/posts\/839\/revisions"}],"predecessor-version":[{"id":840,"href":"https:\/\/nicugane.ro\/nou\/wp-json\/wp\/v2\/posts\/839\/revisions\/840"}],"wp:attachment":[{"href":"https:\/\/nicugane.ro\/nou\/wp-json\/wp\/v2\/media?parent=839"}],"wp:term":[{"taxonomy":"category","embeddable":true,"href":"https:\/\/nicugane.ro\/nou\/wp-json\/wp\/v2\/categories?post=839"},{"taxonomy":"post_tag","embeddable":true,"href":"https:\/\/nicugane.ro\/nou\/wp-json\/wp\/v2\/tags?post=839"}],"curies":[{"name":"wp","href":"https:\/\/api.w.org\/{rel}","templated":true}]}}