{"id":3598,"date":"2025-08-28T13:26:14","date_gmt":"2025-08-28T11:26:14","guid":{"rendered":"https:\/\/nicugane.ro\/nou\/?p=3598"},"modified":"2025-08-28T13:26:15","modified_gmt":"2025-08-28T11:26:15","slug":"repartizare-clasa-a-ix-a-2025-2026","status":"publish","type":"post","link":"https:\/\/nicugane.ro\/nou\/repartizare-clasa-a-ix-a-2025-2026\/","title":{"rendered":"Repartizare clasa a IX-a 2025-2026"},"content":{"rendered":"\n<p>Repartizarea elevilor de clasa a IX-a se va face \u00een data de <strong>1 septembrie 2025 ora 10:00<\/strong> \u00een Amfiteatrul colegiului, \u00een \u0219edin\u021b\u0103 public\u0103, unde vor putea participa \u0219i p\u0103rin\u021bii.<\/p>\n\n\n\n<p>Repartizarea va fi f\u0103cut\u0103 public\u0103 pe <strong>1 septembrie 2025 ora 12:00<\/strong><\/p>\n","protected":false},"excerpt":{"rendered":"<p>Repartizarea elevilor de clasa a IX-a se va face \u00een data de 1 septembrie 2025 ora 10:00 \u00een Amfiteatrul colegiului, \u00een \u0219edin\u021b\u0103 public\u0103, unde vor putea participa \u0219i p\u0103rin\u021bii. Repartizarea va fi f\u0103cut\u0103 public\u0103 pe 1 septembrie 2025 ora 12:00<\/p>\n","protected":false},"author":874,"featured_media":0,"comment_status":"open","ping_status":"open","sticky":false,"template":"","format":"standard","meta":[],"categories":[1],"tags":[],"_links":{"self":[{"href":"https:\/\/nicugane.ro\/nou\/wp-json\/wp\/v2\/posts\/3598"}],"collection":[{"href":"https:\/\/nicugane.ro\/nou\/wp-json\/wp\/v2\/posts"}],"about":[{"href":"https:\/\/nicugane.ro\/nou\/wp-json\/wp\/v2\/types\/post"}],"author":[{"embeddable":true,"href":"https:\/\/nicugane.ro\/nou\/wp-json\/wp\/v2\/users\/874"}],"replies":[{"embeddable":true,"href":"https:\/\/nicugane.ro\/nou\/wp-json\/wp\/v2\/comments?post=3598"}],"version-history":[{"count":2,"href":"https:\/\/nicugane.ro\/nou\/wp-json\/wp\/v2\/posts\/3598\/revisions"}],"predecessor-version":[{"id":3605,"href":"https:\/\/nicugane.ro\/nou\/wp-json\/wp\/v2\/posts\/3598\/revisions\/3605"}],"wp:attachment":[{"href":"https:\/\/nicugane.ro\/nou\/wp-json\/wp\/v2\/media?parent=3598"}],"wp:term":[{"taxonomy":"category","embeddable":true,"href":"https:\/\/nicugane.ro\/nou\/wp-json\/wp\/v2\/categories?post=3598"},{"taxonomy":"post_tag","embeddable":true,"href":"https:\/\/nicugane.ro\/nou\/wp-json\/wp\/v2\/tags?post=3598"}],"curies":[{"name":"wp","href":"https:\/\/api.w.org\/{rel}","templated":true}]}}