{"id":3079,"date":"2023-12-05T08:19:24","date_gmt":"2023-12-05T06:19:24","guid":{"rendered":"https:\/\/nicugane.ro\/nou\/?p=3079"},"modified":"2024-04-09T08:21:43","modified_gmt":"2024-04-09T06:21:43","slug":"incheierea-proiectului-pocu-154976-educatia-outdoor-o-educatie-pentru-viitor","status":"publish","type":"post","link":"https:\/\/nicugane.ro\/nou\/incheierea-proiectului-pocu-154976-educatia-outdoor-o-educatie-pentru-viitor\/","title":{"rendered":"\u00cencheierea proiectului POCU 154976 \u201eEduca\u021bia outdoor &#8211; o educa\u021bie pentru viitor\u201d"},"content":{"rendered":"\n<p>\u00cen Aula Colegiului Na\u021bional \u201eNicu Gane\u201d F\u0103lticeni, \u00een data de 14 noiembrie 2023, a avut loc conferin\u021ba de \u00eencheiere a proiectului \u201eEduca\u021bia outdoor \u2013 o educa\u021bie pentru viitor\u201d. Proiectul a fost finan\u021bat prin Programul Opera\u0163ional Capital Uman 2014-2020, Axa prioritar\u0103 6 &#8211; Educa\u0163ie \u015fi competen\u0163e, (cod proiect POCU\/987\/6\/26\/154976) \u0219i s-a derulat \u00een perioada 15 noiembrie 2022 \u2013 14 noiembrie 2023, propun\u00e2ndu-\u0219i s\u0103 organizeze un program de educa\u021bie \u00een sistem outdoor implementat \u00een 3 \u0219coli partenere, cu implicarea a 36 de cadre didactice \u0219i a 321 de elevi. Consor\u021biul partenerial \u00een care s-a derulat acest program educa\u021bional este format din liderul de parteneriat &#8211; Colegiul Na\u021bional \u201eNicu Gane\u201d F\u0103lticeni, partenerul 1 &#8211; \u0218coala Gimnazial\u0103 Preute\u0219ti, \u0219i partenerul 2 &#8211; \u0218coala Gimnazial\u0103 &#8220;Nicolae Stoleru&#8221; Baia.<br>Programul de educa\u021bie a fost implementat prin intermediul a 3 componente cheie: 1. Formarea acreditat\u0103 a cadrelor didactice \u00een domeniul educa\u021biei non formale \u00een sistem outdoor; 2. Organizarea unui program de educa\u021bie non-formal\u0103 \u00een sistem outdoor bazat pe me\u0219te\u0219uguri, cultur\u0103, sport \u0219i drume\u021bii; 3. Educa\u021bie ecologic\u0103 \u00een sistem outdoor.<br>Scopul conferin\u021bei de \u00eencheiere a proiectului a fost de a prezenta rezultatele activit\u0103\u021bilor \u00een sistem outdoor \u0219i modalitatea de desf\u0103\u0219urare a acestora, activit\u0103\u021bi care au fost derulate \u00een cele 3 \u0219coli partenere av\u00e2nd ca principal obiectiv reducerea \u0219i prevenirea abandonului \u0219colar la nivelul acestor unit\u0103\u021bi de \u00eenv\u0103\u021b\u0103m\u00e2nt din jude\u021bul\u00a0Suceava.<\/p>\n\n\n\n<figure class=\"wp-block-gallery has-nested-images columns-default is-cropped wp-block-gallery-1 is-layout-flex\">\n<figure class=\"wp-block-image size-large\"><img decoding=\"async\" loading=\"lazy\" width=\"1024\" height=\"461\" data-id=\"3080\"  src=\"https:\/\/nicugane.ro\/nou\/wp-content\/uploads\/2024\/04\/IMG-20240409-WA0009-1024x461.jpg\" alt=\"\" class=\"wp-image-3080\" srcset=\"https:\/\/nicugane.ro\/nou\/wp-content\/uploads\/2024\/04\/IMG-20240409-WA0009-1024x461.jpg 1024w, https:\/\/nicugane.ro\/nou\/wp-content\/uploads\/2024\/04\/IMG-20240409-WA0009-300x135.jpg 300w, https:\/\/nicugane.ro\/nou\/wp-content\/uploads\/2024\/04\/IMG-20240409-WA0009-768x346.jpg 768w, https:\/\/nicugane.ro\/nou\/wp-content\/uploads\/2024\/04\/IMG-20240409-WA0009-1536x691.jpg 1536w, https:\/\/nicugane.ro\/nou\/wp-content\/uploads\/2024\/04\/IMG-20240409-WA0009-360x162.jpg 360w, https:\/\/nicugane.ro\/nou\/wp-content\/uploads\/2024\/04\/IMG-20240409-WA0009.jpg 1600w\" sizes=\"(max-width: 1024px) 100vw, 1024px\" \/><\/figure>\n\n\n\n<figure class=\"wp-block-image size-large\"><img decoding=\"async\" loading=\"lazy\" width=\"1024\" height=\"461\" data-id=\"3082\"  src=\"https:\/\/nicugane.ro\/nou\/wp-content\/uploads\/2024\/04\/IMG-20240409-WA0010-1024x461.jpg\" alt=\"\" class=\"wp-image-3082\" srcset=\"https:\/\/nicugane.ro\/nou\/wp-content\/uploads\/2024\/04\/IMG-20240409-WA0010-1024x461.jpg 1024w, https:\/\/nicugane.ro\/nou\/wp-content\/uploads\/2024\/04\/IMG-20240409-WA0010-300x135.jpg 300w, https:\/\/nicugane.ro\/nou\/wp-content\/uploads\/2024\/04\/IMG-20240409-WA0010-768x346.jpg 768w, https:\/\/nicugane.ro\/nou\/wp-content\/uploads\/2024\/04\/IMG-20240409-WA0010-1536x691.jpg 1536w, https:\/\/nicugane.ro\/nou\/wp-content\/uploads\/2024\/04\/IMG-20240409-WA0010-360x162.jpg 360w, https:\/\/nicugane.ro\/nou\/wp-content\/uploads\/2024\/04\/IMG-20240409-WA0010.jpg 1600w\" sizes=\"(max-width: 1024px) 100vw, 1024px\" \/><\/figure>\n\n\n\n<figure class=\"wp-block-image size-large\"><img decoding=\"async\" loading=\"lazy\" width=\"1024\" height=\"461\" data-id=\"3083\"  src=\"https:\/\/nicugane.ro\/nou\/wp-content\/uploads\/2024\/04\/IMG-20240409-WA0011-1024x461.jpg\" alt=\"\" class=\"wp-image-3083\" srcset=\"https:\/\/nicugane.ro\/nou\/wp-content\/uploads\/2024\/04\/IMG-20240409-WA0011-1024x461.jpg 1024w, https:\/\/nicugane.ro\/nou\/wp-content\/uploads\/2024\/04\/IMG-20240409-WA0011-300x135.jpg 300w, https:\/\/nicugane.ro\/nou\/wp-content\/uploads\/2024\/04\/IMG-20240409-WA0011-768x346.jpg 768w, https:\/\/nicugane.ro\/nou\/wp-content\/uploads\/2024\/04\/IMG-20240409-WA0011-1536x691.jpg 1536w, https:\/\/nicugane.ro\/nou\/wp-content\/uploads\/2024\/04\/IMG-20240409-WA0011-360x162.jpg 360w, https:\/\/nicugane.ro\/nou\/wp-content\/uploads\/2024\/04\/IMG-20240409-WA0011.jpg 1600w\" sizes=\"(max-width: 1024px) 100vw, 1024px\" \/><\/figure>\n\n\n\n<figure class=\"wp-block-image size-large\"><img decoding=\"async\" loading=\"lazy\" width=\"1024\" height=\"473\" data-id=\"3081\"  src=\"https:\/\/nicugane.ro\/nou\/wp-content\/uploads\/2024\/04\/IMG-20240409-WA0012-1024x473.jpg\" alt=\"\" class=\"wp-image-3081\" srcset=\"https:\/\/nicugane.ro\/nou\/wp-content\/uploads\/2024\/04\/IMG-20240409-WA0012-1024x473.jpg 1024w, https:\/\/nicugane.ro\/nou\/wp-content\/uploads\/2024\/04\/IMG-20240409-WA0012-300x139.jpg 300w, https:\/\/nicugane.ro\/nou\/wp-content\/uploads\/2024\/04\/IMG-20240409-WA0012-768x355.jpg 768w, https:\/\/nicugane.ro\/nou\/wp-content\/uploads\/2024\/04\/IMG-20240409-WA0012-1536x709.jpg 1536w, https:\/\/nicugane.ro\/nou\/wp-content\/uploads\/2024\/04\/IMG-20240409-WA0012-360x166.jpg 360w, https:\/\/nicugane.ro\/nou\/wp-content\/uploads\/2024\/04\/IMG-20240409-WA0012.jpg 1600w\" sizes=\"(max-width: 1024px) 100vw, 1024px\" \/><\/figure>\n<\/figure>\n","protected":false},"excerpt":{"rendered":"<p>\u00cen Aula Colegiului Na\u021bional \u201eNicu Gane\u201d F\u0103lticeni, \u00een data de 14 noiembrie 2023, a avut loc conferin\u021ba de \u00eencheiere a proiectului \u201eEduca\u021bia outdoor \u2013 o educa\u021bie pentru viitor\u201d. Proiectul a fost finan\u021bat prin Programul Opera\u0163ional Capital Uman 2014-2020, Axa prioritar\u0103 <a href=\"https:\/\/nicugane.ro\/nou\/incheierea-proiectului-pocu-154976-educatia-outdoor-o-educatie-pentru-viitor\/\" class=\"read-more\">Citi\u021bi mai mult&#8230;<\/a><\/p>\n","protected":false},"author":874,"featured_media":0,"comment_status":"open","ping_status":"open","sticky":false,"template":"","format":"standard","meta":[],"categories":[1],"tags":[],"_links":{"self":[{"href":"https:\/\/nicugane.ro\/nou\/wp-json\/wp\/v2\/posts\/3079"}],"collection":[{"href":"https:\/\/nicugane.ro\/nou\/wp-json\/wp\/v2\/posts"}],"about":[{"href":"https:\/\/nicugane.ro\/nou\/wp-json\/wp\/v2\/types\/post"}],"author":[{"embeddable":true,"href":"https:\/\/nicugane.ro\/nou\/wp-json\/wp\/v2\/users\/874"}],"replies":[{"embeddable":true,"href":"https:\/\/nicugane.ro\/nou\/wp-json\/wp\/v2\/comments?post=3079"}],"version-history":[{"count":1,"href":"https:\/\/nicugane.ro\/nou\/wp-json\/wp\/v2\/posts\/3079\/revisions"}],"predecessor-version":[{"id":3084,"href":"https:\/\/nicugane.ro\/nou\/wp-json\/wp\/v2\/posts\/3079\/revisions\/3084"}],"wp:attachment":[{"href":"https:\/\/nicugane.ro\/nou\/wp-json\/wp\/v2\/media?parent=3079"}],"wp:term":[{"taxonomy":"category","embeddable":true,"href":"https:\/\/nicugane.ro\/nou\/wp-json\/wp\/v2\/categories?post=3079"},{"taxonomy":"post_tag","embeddable":true,"href":"https:\/\/nicugane.ro\/nou\/wp-json\/wp\/v2\/tags?post=3079"}],"curies":[{"name":"wp","href":"https:\/\/api.w.org\/{rel}","templated":true}]}}