{"id":2776,"date":"2023-09-08T16:14:00","date_gmt":"2023-09-08T14:14:00","guid":{"rendered":"https:\/\/nicugane.ro\/nou\/?p=2776"},"modified":"2023-09-10T16:40:32","modified_gmt":"2023-09-10T14:40:32","slug":"deschiderea-anului-scolar","status":"publish","type":"post","link":"https:\/\/nicugane.ro\/nou\/deschiderea-anului-scolar\/","title":{"rendered":"Deschiderea anului \u0219colar"},"content":{"rendered":"\n<p>Deschiderea anului \u0219colar va fi luni, 11 septembrie la ora 9, \u00een careu. V\u0103 rugam s\u0103 veni\u021bi \u00een \u021binut\u0103 care respect\u0103 codul de culori al \u0219colii: alb, albastru \u0219i negru \u0219i s\u0103 sta\u021bi \u00een forma\u021bie al\u0103turi de prof dirigin\u021bi de la a V a ( de l\u00e2ng\u0103 cire\u0219) la a XII a. Mul\u021bumiri de \u00een\u021belegere \u0219i succes \u00een noul an \u0219colar!<\/p>\n","protected":false},"excerpt":{"rendered":"<p>Deschiderea anului \u0219colar va fi luni, 11 septembrie la ora 9, \u00een careu. V\u0103 rugam s\u0103 veni\u021bi \u00een \u021binut\u0103 care respect\u0103 codul de culori al \u0219colii: alb, albastru \u0219i negru \u0219i s\u0103 sta\u021bi \u00een forma\u021bie al\u0103turi de prof dirigin\u021bi de <a href=\"https:\/\/nicugane.ro\/nou\/deschiderea-anului-scolar\/\" class=\"read-more\">Citi\u021bi mai mult&#8230;<\/a><\/p>\n","protected":false},"author":874,"featured_media":0,"comment_status":"open","ping_status":"open","sticky":false,"template":"","format":"standard","meta":[],"categories":[1],"tags":[],"_links":{"self":[{"href":"https:\/\/nicugane.ro\/nou\/wp-json\/wp\/v2\/posts\/2776"}],"collection":[{"href":"https:\/\/nicugane.ro\/nou\/wp-json\/wp\/v2\/posts"}],"about":[{"href":"https:\/\/nicugane.ro\/nou\/wp-json\/wp\/v2\/types\/post"}],"author":[{"embeddable":true,"href":"https:\/\/nicugane.ro\/nou\/wp-json\/wp\/v2\/users\/874"}],"replies":[{"embeddable":true,"href":"https:\/\/nicugane.ro\/nou\/wp-json\/wp\/v2\/comments?post=2776"}],"version-history":[{"count":4,"href":"https:\/\/nicugane.ro\/nou\/wp-json\/wp\/v2\/posts\/2776\/revisions"}],"predecessor-version":[{"id":2784,"href":"https:\/\/nicugane.ro\/nou\/wp-json\/wp\/v2\/posts\/2776\/revisions\/2784"}],"wp:attachment":[{"href":"https:\/\/nicugane.ro\/nou\/wp-json\/wp\/v2\/media?parent=2776"}],"wp:term":[{"taxonomy":"category","embeddable":true,"href":"https:\/\/nicugane.ro\/nou\/wp-json\/wp\/v2\/categories?post=2776"},{"taxonomy":"post_tag","embeddable":true,"href":"https:\/\/nicugane.ro\/nou\/wp-json\/wp\/v2\/tags?post=2776"}],"curies":[{"name":"wp","href":"https:\/\/api.w.org\/{rel}","templated":true}]}}