{"id":202,"date":"2016-04-19T16:33:26","date_gmt":"2016-04-19T14:33:26","guid":{"rendered":"http:\/\/nicugane.ro\/nou\/?p=202"},"modified":"2016-06-15T08:30:37","modified_gmt":"2016-06-15T06:30:37","slug":"food-revolution-day-la-colegiul-national-nicu-gane","status":"publish","type":"post","link":"https:\/\/nicugane.ro\/nou\/food-revolution-day-la-colegiul-national-nicu-gane\/","title":{"rendered":"Food Revolution Day la Colegiul Na\u0163ional \u201eNicu Gane\u201d"},"content":{"rendered":"<p class=\"style6\" align=\"justify\">Ambasadorul responsabil de evenimentele din jude\u0163ul Suceava, Camelia Cioc\u00eerlan, tehnician nutri\u0163ionist \u015fi student\u0103 a Faculta\u0163ii de Medicin\u0103, specializarea Nutri\u0163ie \u015fi Dietetic\u0103, va participa la evenimentul din F\u0103lticeni, miercuri, 20 aprilie 2016, ora 09.00, la Colegiul Na\u0163ional \u201cNicu Gane\u201d, activitate coordonat\u0103 de prof. Ioan Caulea, \u00een cadrul programului de activit\u0103\u021bi pentru \u201eS\u0103pt\u0103m\u00e2na Alfel\u201d.<\/p>\n<p class=\"style6\" align=\"center\"><img decoding=\"async\" loading=\"lazy\" src=\"http:\/\/media.cronicadefalticeni.ro\/actualitate\/201604\/75677\/food-revolution-day.jpg\" width=\"250\" height=\"353\" \/><\/p>\n<p class=\"style6\" align=\"justify\">Aceast\u0103 mi\u015fcare pornit\u0103 de buc\u0103tarul Jamie Oliver pentru a inspira \u015fi educa oamenii, \u00een vederea adopt\u0103rii unui stil de via\u0163\u0103 s\u0103n\u0103tos, ia din ce \u00een ce mai mult\u0103 amploare \u00een toat\u0103 lumea, prin intermediul ambasadorilor.<\/p>\n<p class=\"style18\" align=\"justify\">\u201cScopul meu \u015fi al tuturor ambasadorilor este s\u0103 facem oamenii s\u0103 se g\u00e2ndeasc\u0103 mai mult la felul \u00een care m\u0103n\u00e2nc\u0103, la originea produselor pe care le folosesc, la c\u00e2t de mult ne afecteaz\u0103 organismul si la c\u00e2t de simplu este s\u0103 g\u0103tim acas\u0103.<\/p>\n<p class=\"style18\" align=\"justify\">V\u0103 \u00eendemn s\u0103 g\u0103ti\u0163i din ingredientele pe care le ave\u0163i \u00een gr\u0103dinile \u015fi c\u0103m\u0103rile voastre, s\u0103 cump\u0103ra\u0163i c\u00e2t mai mult de la produc\u0103torii locali \u015fi s\u0103 renun\u0163a\u0163i la produsele procesate.<\/p>\n<p align=\"justify\"><span class=\"style18\">Faptul c\u0103 anul trecut am avut o clas\u0103 participant\u0103 la eveniment iar anul acesta vom face evenimentul cu to\u0163i elevii colegiului m\u0103 bucur\u0103 enorm de mult \u015fi vreau s\u0103 mul\u0163umesc grupului de elevi, domnului profesor Caulea \u015fi doamnei director Cristina Nechifor f\u0103r\u0103 de care nu era posibil\u0103 realizarea acestui eveniment \u201d<\/span><span class=\"style6\">, ne-a informat Camelia Cioc\u00e2rlan, ambasador Food Revolution Day.<\/span><\/p>\n<p align=\"right\"><a href=\"http:\/\/nicugane.ro\/articole\/CNNG-anexa-1-concurs_scoala_altfel.pdf\" target=\"_blank\">Document concurs &#8211; Scoala altfel(format pdf)<\/a><br \/>\n<a href=\"http:\/\/nicugane.ro\/albumfoto\/index.php?cat=68\" target=\"_blank\">Fotografii<\/a><br \/>\n<a href=\"https:\/\/www.youtube.com\/watch?v=_Z70wDRw0ns\" target=\"_blank\">Video<\/a><\/p>\n","protected":false},"excerpt":{"rendered":"<p>Ambasadorul responsabil de evenimentele din jude\u0163ul Suceava, Camelia Cioc\u00eerlan, tehnician nutri\u0163ionist \u015fi student\u0103 a Faculta\u0163ii de Medicin\u0103, specializarea Nutri\u0163ie \u015fi Dietetic\u0103, va participa la evenimentul din F\u0103lticeni, miercuri, 20 aprilie 2016, ora 09.00, la Colegiul Na\u0163ional \u201cNicu Gane\u201d, activitate coordonat\u0103 <a href=\"https:\/\/nicugane.ro\/nou\/food-revolution-day-la-colegiul-national-nicu-gane\/\" class=\"read-more\">Citi\u021bi mai mult&#8230;<\/a><\/p>\n","protected":false},"author":2,"featured_media":0,"comment_status":"open","ping_status":"open","sticky":false,"template":"","format":"standard","meta":[],"categories":[5],"tags":[],"_links":{"self":[{"href":"https:\/\/nicugane.ro\/nou\/wp-json\/wp\/v2\/posts\/202"}],"collection":[{"href":"https:\/\/nicugane.ro\/nou\/wp-json\/wp\/v2\/posts"}],"about":[{"href":"https:\/\/nicugane.ro\/nou\/wp-json\/wp\/v2\/types\/post"}],"author":[{"embeddable":true,"href":"https:\/\/nicugane.ro\/nou\/wp-json\/wp\/v2\/users\/2"}],"replies":[{"embeddable":true,"href":"https:\/\/nicugane.ro\/nou\/wp-json\/wp\/v2\/comments?post=202"}],"version-history":[{"count":2,"href":"https:\/\/nicugane.ro\/nou\/wp-json\/wp\/v2\/posts\/202\/revisions"}],"predecessor-version":[{"id":469,"href":"https:\/\/nicugane.ro\/nou\/wp-json\/wp\/v2\/posts\/202\/revisions\/469"}],"wp:attachment":[{"href":"https:\/\/nicugane.ro\/nou\/wp-json\/wp\/v2\/media?parent=202"}],"wp:term":[{"taxonomy":"category","embeddable":true,"href":"https:\/\/nicugane.ro\/nou\/wp-json\/wp\/v2\/categories?post=202"},{"taxonomy":"post_tag","embeddable":true,"href":"https:\/\/nicugane.ro\/nou\/wp-json\/wp\/v2\/tags?post=202"}],"curies":[{"name":"wp","href":"https:\/\/api.w.org\/{rel}","templated":true}]}}