{"id":196,"date":"2016-04-05T16:27:21","date_gmt":"2016-04-05T14:27:21","guid":{"rendered":"http:\/\/nicugane.ro\/nou\/?p=196"},"modified":"2016-06-10T09:36:23","modified_gmt":"2016-06-10T07:36:23","slug":"reuniune-in-cadrul-proiectului-the-voice-of-young-europe","status":"publish","type":"post","link":"https:\/\/nicugane.ro\/nou\/reuniune-in-cadrul-proiectului-the-voice-of-young-europe\/","title":{"rendered":"Reuniune \u00een cadrul proiectului The Voice of Young Europe"},"content":{"rendered":"<p class=\"style6\" style=\"text-align: justify;\" align=\"justify\"><img decoding=\"async\" src=\"http:\/\/media.cronicadefalticeni.ro\/actualitate\/201603\/74866\/the_voice_of_young_europe_reuniune_falticeni_1-1024x480.jpg\" alt=\"Reuniune \u00een cadrul proiectului The Voice of Young Europe la Colegiul Na\u0163ional \u201eNicu Gane\u201d\" \/><\/p>\n<p class=\"style6\" style=\"text-align: justify;\" align=\"justify\">Colegiul Na\u0163ional \u201eNicu Gane\u201d din F\u0103lticeni a fost \u00een aceast\u0103 s\u0103pt\u0103m\u00e2n\u0103(14-18 martie) gazda celei de a doua reuniuni din cadrul Proiectului \u201eThe Voice of Young Europe\u201d, proiect Erasmus derulat \u00een parteneriat de 7 \u015fcoli, care reprezint\u0103 tot at\u00e2tea \u021b\u0103ri: Spania, Italia, Germania, Turcia, Sco\u0163ia, Rom\u00e2nia\u00a0\u015fi Olanda (\u0163ar\u0103 coodonatoare), \u00een perioada 2015-2018.<br \/>\nScopul parteneriatului, dup\u0103 cum ne-a informat coordonatorul local al proiectului, prof. Ioan Caulea, este acela de a crea un nou curriculum \u2013\u00a0<em>Educa\u0163ie pentru cet\u0103\u0163enie european\u0103<\/em>\u00a0\u2013 care s\u0103 fie folosit \u00een activitatea didactic\u0103 a \u015fcolilor partenere, dar \u015fi care s\u0103 constituie un exemplu de bun\u0103 practic\u0103, at\u00e2t la nivel local, c\u00e2t \u015fi la nivel regional sau na\u0163ional.<br \/>\n<em>\u00a0\u00a0\u00a0\u00a0\u00a0\u201eIdeea proiectului a avut la baz\u0103 at\u00e2t noile provoc\u0103ri cu care se confrunt\u0103 Europa, dar \u015fi necesitatatea implement\u0103rii unor metode noi de abordare a educa\u0163iei \u00een acest context, ceea ce presupune noi competen\u0163e pe care trebuie s\u0103 \u015fi le \u00eensu\u015feasc\u0103 t\u00e2n\u0103ra genera\u0163ie\u201d<\/em>, a precizat prof. Ioan Caulea.<\/p>\n<p class=\"style6\" align=\"center\">\nProgramul participan\u0163ilor la aceast\u0103 reuniune de proiect a inclus \u015fi o \u00eent\u00e2lnire cu primarul C\u0103t\u0103lin Coman, \u00een sala de \u015fedin\u0163e a Prim\u0103riei F\u0103lticeni.<\/p>\n<p class=\"style6\" align=\"right\">Articol preluat de pe <a href=\"http:\/\/www.cronicadefalticeni.ro\/reuniune-in-cadrul-proiectului-the-voice-of-young-europe-la-colegiul-national-nicu-gane\/\" target=\"_blank\">Cronica de Falticeni<\/a><\/p>\n","protected":false},"excerpt":{"rendered":"<p>Colegiul Na\u0163ional \u201eNicu Gane\u201d din F\u0103lticeni a fost \u00een aceast\u0103 s\u0103pt\u0103m\u00e2n\u0103(14-18 martie) gazda celei de a doua reuniuni din cadrul Proiectului \u201eThe Voice of Young Europe\u201d, proiect Erasmus derulat \u00een parteneriat de 7 \u015fcoli, care reprezint\u0103 tot at\u00e2tea \u021b\u0103ri: Spania, <a href=\"https:\/\/nicugane.ro\/nou\/reuniune-in-cadrul-proiectului-the-voice-of-young-europe\/\" class=\"read-more\">Citi\u021bi mai mult&#8230;<\/a><\/p>\n","protected":false},"author":2,"featured_media":0,"comment_status":"open","ping_status":"open","sticky":false,"template":"","format":"standard","meta":[],"categories":[5],"tags":[],"_links":{"self":[{"href":"https:\/\/nicugane.ro\/nou\/wp-json\/wp\/v2\/posts\/196"}],"collection":[{"href":"https:\/\/nicugane.ro\/nou\/wp-json\/wp\/v2\/posts"}],"about":[{"href":"https:\/\/nicugane.ro\/nou\/wp-json\/wp\/v2\/types\/post"}],"author":[{"embeddable":true,"href":"https:\/\/nicugane.ro\/nou\/wp-json\/wp\/v2\/users\/2"}],"replies":[{"embeddable":true,"href":"https:\/\/nicugane.ro\/nou\/wp-json\/wp\/v2\/comments?post=196"}],"version-history":[{"count":3,"href":"https:\/\/nicugane.ro\/nou\/wp-json\/wp\/v2\/posts\/196\/revisions"}],"predecessor-version":[{"id":456,"href":"https:\/\/nicugane.ro\/nou\/wp-json\/wp\/v2\/posts\/196\/revisions\/456"}],"wp:attachment":[{"href":"https:\/\/nicugane.ro\/nou\/wp-json\/wp\/v2\/media?parent=196"}],"wp:term":[{"taxonomy":"category","embeddable":true,"href":"https:\/\/nicugane.ro\/nou\/wp-json\/wp\/v2\/categories?post=196"},{"taxonomy":"post_tag","embeddable":true,"href":"https:\/\/nicugane.ro\/nou\/wp-json\/wp\/v2\/tags?post=196"}],"curies":[{"name":"wp","href":"https:\/\/api.w.org\/{rel}","templated":true}]}}