{"id":194,"date":"2016-01-27T16:26:16","date_gmt":"2016-01-27T14:26:16","guid":{"rendered":"http:\/\/nicugane.ro\/nou\/?p=194"},"modified":"2016-06-15T08:29:44","modified_gmt":"2016-06-15T06:29:44","slug":"doua-noi-investitii-ale-primariei-au-fost-finalizate-la-colegiul-nicu-gane","status":"publish","type":"post","link":"https:\/\/nicugane.ro\/nou\/doua-noi-investitii-ale-primariei-au-fost-finalizate-la-colegiul-nicu-gane\/","title":{"rendered":"Dou\u0103 noi investi\u021bii ale Prim\u0103riei au fost finalizate la Colegiul \u201dNicu Gane\u201d"},"content":{"rendered":"<p><a class=\"post-thumbnail\" href=\"https:\/\/cronicadefalticeni.com\/2016\/01\/27\/doua-noi-investitii-ale-primariei-au-fost-finalizate-la-colegiul-nicu-gane-250-000-lei-alocati-pentru-corpul-b-si-sala-mica-de-sport\/\"><img decoding=\"async\" loading=\"lazy\" class=\"attachment-post-thumbnail  wp-post-image\" src=\"https:\/\/cronicadefalticeni.files.wordpress.com\/2016\/01\/investitii-primaria-falticeni-colegiul-nicu-gane-1.jpg?w=672&amp;h=372&amp;crop=1\" alt=\"Dou\u0103 noi investi\u021bii ale Prim\u0103riei au fost finalizate la Colegiul \u201dNicu Gane\u201d: 250.000 lei aloca\u021bi pentru Corpul B \u0219i sala mic\u0103 de sport\" width=\"708\" height=\"392\" \/><\/a><\/p>\n<p>Sprijin total pentru educa\u021bie. Autorit\u0103\u021bile locale au anun\u021bat ast\u0103zi finalizarea unor noi investi\u021bii destinate prestigiosului Colegiu Na\u021bional \u201dNicu Gane\u201d. Unitatea de \u00eenv\u0103\u021b\u0103m\u00e2nt preuniversitar \u0219i-a modernizat \u0219i reabilitat corpul B \u0219i sala mic\u0103 de sport.<br \/>\nCele dou\u0103 obiective au intrat \u00een repara\u021bii anul trecut, aceasta fiind prima reabilitare aplicat\u0103 dup\u0103 mai bine de 25 de ani.<br \/>\nAccentul s-a pus pe eficien\u021ba energetic\u0103 astfel \u00eenc\u00e2t corpul B al colegiului a fost acoperit la exterior cu termoizola\u021bie dup\u0103 ce, m\u0103surile de reabilitare termic\u0103 fiind materializate \u0219i prin \u00eenlocuirea geamurilor \u0219i elementelor de t\u00e2mpl\u0103rie cu unele noi. Obiectivul \u0219i-a schimbat nu doar aspectul exterior, ci \u0219i interiorul unde holurile cl\u0103dirii primesc un aer proasp\u0103t dup\u0103 amenaj\u0103rile aduse la partea de zid\u0103rie.<br \/>\nLa exterior s-au construit trotuare perimetrale, iar pe acoperi\u0219ul s-au montat elemente de captare pentru apele meteorice, astfel \u00eenc\u00e2t precipita\u021biile s\u0103 nu afecteze structura cl\u0103dirii. La toate acestea se adaug\u0103 \u0219i crearea unei c\u0103i de acces spre terenul de sport cu gazon sintetic \u0219i reabilitarea treptelor de acces spre cl\u0103dire.<br \/>\nMerit\u0103 amintit \u0219i faptul c\u0103 odat\u0103 cu aceste lucr\u0103ri, conducerea unit\u0103\u021bii de \u00eenv\u0103\u021b\u0103m\u00e2nt \u0219i-a ar\u0103tat deschiderea pentru \u00eenfiin\u021barea unei s\u0103li de patrimoniu care urmeaz\u0103 s\u0103 fie completat\u0103 cu un pre\u021bios fond de carte.<br \/>\nAl doilea obiectiv de investi\u021bie este sala mic\u0103 de sport, anexat\u0103 corpului B. Fondurile alocate au vizat modernizarea spa\u021biului pentru orele de educa\u021bie fizic\u0103 \u0219i sport. Aici au fost reabilitate zid\u0103ria \u0219i tencuiala, suprafa\u021ba de joc, dar \u0219i instala\u021biile electrice \u0219i termice.<br \/>\nVestiarele \u0219i acoperi\u0219ul au fost reamenajate. Acum sala mic\u0103 de sport, unde volebali\u0219tii de la CSS \u201dNicu Gane\u201d \u00ee\u0219i vor desf\u0103\u0219ura toate antrenamentele, arat\u0103 ca nou\u0103, ridic\u00e2ndu-se aproape la acela\u0219i nivel de calitate cu sala mare, unde vor avea loc doar meciurile echipei.<br \/>\nInvesti\u021biile totale se ridic\u0103 la 250.000 de lei, din care 137.000 pentru sala de sport, iar restul de 113.000 lei pentru corpul B. Banii provin din bugetul local al municipiului F\u0103lticeni.<br \/>\nColegiu Na\u021bional \u201dNicu Gane\u201d a fost \u00een ultimii trei ani pe radarul investi\u021biilor administra\u021biei locale, p\u00e2n\u0103 acum fiind modernizate corpul C, sala mare de sport, cl\u0103direa internatului \u0219i terenul de sport.<br \/>\nDirectorul unit\u0103\u021bii, profesoara Cristina Nechifor, afirm\u0103 c\u0103 investi\u021biile actuale arat\u0103 deschiderea administra\u021biei locale fa\u021b\u0103 de educa\u021bie, ea subliniind faptul c\u0103 fostul profesor \u0219i coleg al institu\u021biei, actualul primar C\u0103t\u0103lin Coman, \u0219i-a onorat promisiunile \u0219i a demonstrat c\u0103 are \u00een prim plan sus\u021binerea sistemului de \u00eenv\u0103\u021b\u0103m\u00e2nt.<br \/>\nUn sfert din bugetul local al municipiului a fost direc\u021bionat \u00een ultimii trei ani spre toate institu\u021biile educa\u021bionale care func\u021bioneaz\u0103 la F\u0103lticeni.<\/p>\n<div align=\"right\">Articol preluat\u00a0din <a href=\"http:\/\/cronicadefalticeni.com\/2016\/01\/27\/doua-noi-investitii-ale-primariei-au-fost-finalizate-la-colegiul-nicu-gane-250-000-lei-alocati-pentru-corpul-b-si-sala-mica-de-sport\/\">Cronica de Falticeni<\/a><br \/>\n<strong>Rudy Hodl<\/strong><\/div>\n","protected":false},"excerpt":{"rendered":"<p>Sprijin total pentru educa\u021bie. Autorit\u0103\u021bile locale au anun\u021bat ast\u0103zi finalizarea unor noi investi\u021bii destinate prestigiosului Colegiu Na\u021bional \u201dNicu Gane\u201d. Unitatea de \u00eenv\u0103\u021b\u0103m\u00e2nt preuniversitar \u0219i-a modernizat \u0219i reabilitat corpul B \u0219i sala mic\u0103 de sport. Cele dou\u0103 obiective au intrat \u00een <a href=\"https:\/\/nicugane.ro\/nou\/doua-noi-investitii-ale-primariei-au-fost-finalizate-la-colegiul-nicu-gane\/\" class=\"read-more\">Citi\u021bi mai mult&#8230;<\/a><\/p>\n","protected":false},"author":2,"featured_media":0,"comment_status":"open","ping_status":"open","sticky":false,"template":"","format":"standard","meta":[],"categories":[5],"tags":[],"_links":{"self":[{"href":"https:\/\/nicugane.ro\/nou\/wp-json\/wp\/v2\/posts\/194"}],"collection":[{"href":"https:\/\/nicugane.ro\/nou\/wp-json\/wp\/v2\/posts"}],"about":[{"href":"https:\/\/nicugane.ro\/nou\/wp-json\/wp\/v2\/types\/post"}],"author":[{"embeddable":true,"href":"https:\/\/nicugane.ro\/nou\/wp-json\/wp\/v2\/users\/2"}],"replies":[{"embeddable":true,"href":"https:\/\/nicugane.ro\/nou\/wp-json\/wp\/v2\/comments?post=194"}],"version-history":[{"count":3,"href":"https:\/\/nicugane.ro\/nou\/wp-json\/wp\/v2\/posts\/194\/revisions"}],"predecessor-version":[{"id":468,"href":"https:\/\/nicugane.ro\/nou\/wp-json\/wp\/v2\/posts\/194\/revisions\/468"}],"wp:attachment":[{"href":"https:\/\/nicugane.ro\/nou\/wp-json\/wp\/v2\/media?parent=194"}],"wp:term":[{"taxonomy":"category","embeddable":true,"href":"https:\/\/nicugane.ro\/nou\/wp-json\/wp\/v2\/categories?post=194"},{"taxonomy":"post_tag","embeddable":true,"href":"https:\/\/nicugane.ro\/nou\/wp-json\/wp\/v2\/tags?post=194"}],"curies":[{"name":"wp","href":"https:\/\/api.w.org\/{rel}","templated":true}]}}